[{"@context":"https:\/\/schema.org\/","@type":"Article","@id":"https:\/\/www.klic-centrum.cz\/zateplujeme-fasadu-na-bytovem-dome\/#Article","mainEntityOfPage":"https:\/\/www.klic-centrum.cz\/zateplujeme-fasadu-na-bytovem-dome\/","headline":"Zateplujeme fas\u00e1du na bytov\u00e9m dom\u011b","name":"Zateplujeme fas\u00e1du na bytov\u00e9m dom\u011b","description":"Kdy\u017e se jednotliv\u00ed vlastn\u00edci bytov\u00e9ho domu (Spole\u010denstv\u00ed vlastn\u00edk\u016f jednotek SVJ) dohodnou, \u017ee zatepl\u00ed fas\u00e1du a pokryj\u00ed ji atraktivn\u00edm fas\u00e1dn\u00edm n\u00e1t\u011brem, mohou to prov\u00e9st dv\u011bma zp\u016fsoby \u2013 bu\u010f si na to pozvou profesion\u00e1ly, anebo to zvl\u00e1dnou sami. Z\u00e1sadn\u00ed rozd\u00edl mezi ob\u011bma zp\u016fsoby je zejm\u00e9na v cen\u011b, a pokud je mezi doty\u010dn\u00fdmi n\u011bkdo se stavebn\u00edm vzd\u011bl\u00e1n\u00edm a [&hellip;]","datePublished":"2024-07-06","dateModified":"2024-07-06","author":{"@type":"Person","@id":"https:\/\/www.klic-centrum.cz\/author\/#Person","name":"","url":"https:\/\/www.klic-centrum.cz\/author\/","identifier":1,"image":{"@type":"ImageObject","@id":"https:\/\/secure.gravatar.com\/avatar\/b72fc1bf1bf254b4118ef99c1da35a199f5a8e7c33c2166eae92618994df57ea?s=96&d=mm&r=g","url":"https:\/\/secure.gravatar.com\/avatar\/b72fc1bf1bf254b4118ef99c1da35a199f5a8e7c33c2166eae92618994df57ea?s=96&d=mm&r=g","height":96,"width":96}},"publisher":{"@type":"Organization","name":"klic-centrum.cz","logo":{"@type":"ImageObject","@id":"\/logo.png","url":"\/logo.png","width":600,"height":60}},"image":{"@type":"ImageObject","@id":"https:\/\/www.klic-centrum.cz\/wp-content\/uploads\/building-1210677_640_2.jpg","url":"https:\/\/www.klic-centrum.cz\/wp-content\/uploads\/building-1210677_640_2.jpg","height":0,"width":0},"url":"https:\/\/www.klic-centrum.cz\/zateplujeme-fasadu-na-bytovem-dome\/","about":["Spole\u010dnosti"],"wordCount":412,"articleBody":"         Kdy\u017e se jednotliv\u00ed vlastn\u00edci bytov\u00e9ho domu (Spole\u010denstv\u00ed vlastn\u00edk\u016f jednotek SVJ) dohodnou, \u017ee zatepl\u00ed fas\u00e1du a pokryj\u00ed ji atraktivn\u00edm fas\u00e1dn\u00edm n\u00e1t\u011brem, mohou to prov\u00e9st dv\u011bma zp\u016fsoby \u2013 bu\u010f si na to pozvou profesion\u00e1ly, anebo to zvl\u00e1dnou sami. Z\u00e1sadn\u00ed rozd\u00edl mezi ob\u011bma zp\u016fsoby je zejm\u00e9na v cen\u011b, a pokud je mezi doty\u010dn\u00fdmi n\u011bkdo se stavebn\u00edm vzd\u011bl\u00e1n\u00edm a prax\u00ed, a bude m\u00edt k ruce dal\u0161\u00ed \u0161ikovn\u00e9 \u0159emesln\u00edky, m\u016f\u017ee b\u00fdt v\u00fdsledek pr\u00e1ce dokonce lep\u0161\u00ed, ne\u017e s profesion\u00e1ly.Podstatn\u00e9 je zejm\u00e9na vybrat vhodn\u00fd typ zateplen\u00ed, nap\u0159\u00edklad fas\u00e1dn\u00ed polystyren o tlou\u0161\u0165ce 200 mm, anebo miner\u00e1ln\u00ed vatu, zvolit si spr\u00e1vn\u00fd zp\u016fsob ukotven\u00ed zateplovac\u00ed vrstvy (nap\u0159\u00edklad injekt\u00e1\u017en\u00ed kotvy Spiral Anksys), a pak tak\u00e9 zvolit optim\u00e1ln\u00ed metodiku pr\u00e1ce. Na co by se ov\u0161em nem\u011blo zapom\u00ednat, je v\u010dasn\u00fd pron\u00e1jem le\u0161en\u00ed. P\u016fj\u010dovny le\u0161en\u00ed pronaj\u00edmaj\u00ed tyto konstrukce komukoli, a na jakkoli dlouhou dobu. Jestli\u017ee se dohodnete, m\u016f\u017eete m\u00edt le\u0161en\u00ed na dom\u011b t\u0159eba po dobu dvou m\u011bs\u00edc\u016f, z\u00e1le\u017e\u00ed na va\u0161em tempu pr\u00e1ce. Ka\u017edop\u00e1dn\u011b pron\u00e1jem le\u0161en\u00ed v Praze https:\/\/rabasleseni.cz\/regionalni-pusobnost\/pujcovna-leseni-praha\/ je v\u00fdhodn\u011bj\u0161\u00ed ne\u017e jeho koup\u011b, a i t\u00edmto zp\u016fsobem u\u0161et\u0159\u00edte nemal\u00e9 pen\u00edze v porovn\u00e1n\u00ed se situac\u00ed, kdy byste zad\u00e1vali pr\u00e1ci stavebn\u00ed spole\u010dnosti.\u201ePec n\u00e1m spadla\u201cZn\u00e1te n\u00e1zev t\u00e9to lidov\u00e9 p\u00edsni\u010dky? Pravd\u011bpodobn\u011b ano, a tak si snadno dopln\u00edte jej\u00ed text. My bychom v\u00e1m jen cht\u011bli p\u0159ipomenout, \u017ee pokud budete le\u0161en\u00ed stav\u011bt sami, m\u016f\u017ee se v\u00e1m z\u0159\u00edtit podobn\u011b, jako ta star\u00e1 pec, a m\u016f\u017ee to m\u00edt i katastrof\u00e1ln\u00ed n\u00e1sledky. Nechte si rad\u011bji le\u0161en\u00ed postavit od pronaj\u00edmatele, tito lid\u00e9 le\u0161en\u00ed stav\u00ed pom\u011brn\u011b b\u011b\u017en\u011b a znaj\u00ed spr\u00e1vn\u00e9 postupy, jak m\u00e1 vypadat podlo\u017e\u00ed, jak p\u0159\u00edpadn\u011b upravit tamn\u00ed ter\u00e9n, a tak\u00e9 jak le\u0161en\u00ed ukotvit do zdiva, aby se nenakl\u00e1n\u011blo a n\u00e1sledn\u011b nez\u0159\u00edtilo.Jsou zn\u00e1my \u00farazy v souvislosti s prac\u00ed na le\u0161en\u00ed a rozhodn\u011b nejde o zanedbateln\u00e9 situace, nad kter\u00fdmi bychom jen m\u00e1vli rukou. Neriskujte \u017eivot v\u00e1\u0161 i va\u0161ich spolupracovn\u00edk\u016f.                                                                                                                                                                                                                                                                                                                                                                                          4\/5 - (7 votes)        "},{"@context":"https:\/\/schema.org\/","@type":"BreadcrumbList","itemListElement":[{"@type":"ListItem","position":1,"name":"Zateplujeme fas\u00e1du na bytov\u00e9m dom\u011b","item":"https:\/\/www.klic-centrum.cz\/zateplujeme-fasadu-na-bytovem-dome\/#breadcrumbitem"}]}]